{"id":232589,"date":"2026-04-25T18:24:56","date_gmt":"2026-04-25T21:24:56","guid":{"rendered":"https:\/\/psicologarita.com.br\/novo\/?p=232589"},"modified":"2026-04-26T06:33:44","modified_gmt":"2026-04-26T09:33:44","slug":"nem-toda-crianca-que-parece-forte-esta-bem","status":"publish","type":"post","link":"https:\/\/psicologarita.com.br\/novo\/2026\/04\/25\/nem-toda-crianca-que-parece-forte-esta-bem\/","title":{"rendered":"A solid\u00e3o da dor n\u00e3o vista"},"content":{"rendered":"<p><strong><i>\u00c0s vezes, as crian\u00e7as\u00a0 s\u00f3 est\u00e3o expressando a necessidade de serem vistas.<\/i><\/strong><\/p>\n<p>&nbsp;<\/p>\n<p>H\u00e1 crian\u00e7as que aprendem cedo demais que n\u00e3o havia espa\u00e7o para serem fr\u00e1geis.<\/p>\n<p>&nbsp;<\/p>\n<p>Choram menos do que precisam, pedem menos do que sentem e v\u00e3o, aos poucos, aprendendo a dar conta sozinhas do que ainda nem conseguem nomear.<\/p>\n<p>&nbsp;<\/p>\n<p>Por fora, parecem firmes. \u00c0s vezes, maduras demais para a idade. Por dentro, ainda existe medo, inseguran\u00e7a e uma crian\u00e7a tentando n\u00e3o incomodar.<\/p>\n<p>&nbsp;<\/p>\n<p>H\u00e1 tamb\u00e9m crian\u00e7as que s\u00e3o protegidas em excesso.<\/p>\n<p>&nbsp;<\/p>\n<p>T\u00e3o protegidas, que n\u00e3o t\u00eam contato com experi\u00eancias de dor necess\u00e1rias ao seu desenvolvimento emocional.<\/p>\n<p>&nbsp;<\/p>\n<p>Crescem com mais dificuldade de lidar com frustra\u00e7\u00f5es e com o que n\u00e3o se resolve de imediato. E, sem esse aprendizado, podem n\u00e3o sustentar o que sentem quando a vida n\u00e3o responde como esperam.<\/p>\n<p>&nbsp;<\/p>\n<p>Caminhos diferentes, experi\u00eancias que se encontram.<\/p>\n<p>&nbsp;<\/p>\n<p>De um lado, a crian\u00e7a que se cala diante do que sente.<br \/>\nDo outro, a crian\u00e7a que n\u00e3o consegue regular suas emo\u00e7\u00f5es.<\/p>\n<p>&nbsp;<\/p>\n<p>As duas compartilham a solid\u00e3o que nasce quando a dor n\u00e3o \u00e9 vista.<\/p>\n<p>&nbsp;<\/p>\n<p>E quando o sofrimento n\u00e3o encontra espa\u00e7o, ele n\u00e3o desaparece \u2014 apenas deixa de ser reconhecido.<\/p>\n<p>&nbsp;<\/p>\n<p>E isso pede olhar.<\/p>\n<p>&nbsp;<\/p>\n<p>Um olhar que n\u00e3o se detenha no comportamento, mas que consiga acolher.<\/p>\n<p>&nbsp;<\/p>\n<p>E \u00e9 nesse movimento de perceber o outro para al\u00e9m do que aparece que algo se transforma.<\/p>\n<p>&nbsp;<\/p>\n<p>Porque, no fundo, o que toda crian\u00e7a precisa n\u00e3o \u00e9 n\u00e3o sentir \u2014 \u00e9 poder sentir com algu\u00e9m por perto.<\/p>\n<p>&nbsp;<\/p>\n<p>\u00c9 perceber que quem cuida dela est\u00e1 ao seu lado, e n\u00e3o contra ela.<\/p>\n<p>&nbsp;<\/p>\n<p>&nbsp;<\/p>\n<p>Rita Martucci<br \/>\nPsic\u00f3loga<\/p>\n<p>&nbsp;<\/p>\n<p>&nbsp;<\/p>\n","protected":false},"excerpt":{"rendered":"<p>\u00c0s vezes, as crian\u00e7as\u00a0 s\u00f3 est\u00e3o expressando a necessidade de serem vistas. &nbsp; H\u00e1 crian\u00e7as que aprendem cedo demais que n\u00e3o havia espa\u00e7o para serem fr\u00e1geis. &nbsp; Choram menos do que precisam, pedem menos do que sentem e v\u00e3o, aos poucos, aprendendo a dar conta sozinhas do que ainda nem conseguem nomear. &nbsp; Por fora, [&hellip;]<\/p>\n","protected":false},"author":2,"featured_media":232583,"comment_status":"open","ping_status":"open","sticky":false,"template":"","format":"standard","meta":{"_et_pb_use_builder":"","_et_pb_old_content":"","_et_gb_content_width":""},"categories":[1,3],"tags":[],"yoast_head":"<!-- This site is optimized with the Yoast SEO plugin v20.3 - https:\/\/yoast.com\/wordpress\/plugins\/seo\/ -->\n<title>A solid\u00e3o da dor n\u00e3o vista - Rita Martucci<\/title>\n<meta name=\"robots\" content=\"index, follow, max-snippet:-1, max-image-preview:large, max-video-preview:-1\" \/>\n<link rel=\"canonical\" href=\"https:\/\/psicologarita.com.br\/novo\/2026\/04\/25\/nem-toda-crianca-que-parece-forte-esta-bem\/\" \/>\n<meta property=\"og:locale\" content=\"pt_BR\" \/>\n<meta property=\"og:type\" content=\"article\" \/>\n<meta property=\"og:title\" content=\"A solid\u00e3o da dor n\u00e3o vista - Rita Martucci\" \/>\n<meta property=\"og:description\" content=\"\u00c0s vezes, as crian\u00e7as\u00a0 s\u00f3 est\u00e3o expressando a necessidade de serem vistas. &nbsp; H\u00e1 crian\u00e7as que aprendem cedo demais que n\u00e3o havia espa\u00e7o para serem fr\u00e1geis. &nbsp; Choram menos do que precisam, pedem menos do que sentem e v\u00e3o, aos poucos, aprendendo a dar conta sozinhas do que ainda nem conseguem nomear. &nbsp; Por fora, [&hellip;]\" \/>\n<meta property=\"og:url\" content=\"https:\/\/psicologarita.com.br\/novo\/2026\/04\/25\/nem-toda-crianca-que-parece-forte-esta-bem\/\" \/>\n<meta property=\"og:site_name\" content=\"Rita Martucci\" \/>\n<meta property=\"article:publisher\" content=\"https:\/\/www.facebook.com\/psicologaritamartuccimelillo\" \/>\n<meta property=\"article:published_time\" content=\"2026-04-25T21:24:56+00:00\" \/>\n<meta property=\"article:modified_time\" content=\"2026-04-26T09:33:44+00:00\" \/>\n<meta property=\"og:image\" content=\"https:\/\/psicologarita.com.br\/novo\/wp-content\/uploads\/2026\/04\/apresentacao-Observacao-de-uma-Psicologa-1.jpg\" \/>\n\t<meta property=\"og:image:width\" content=\"1024\" \/>\n\t<meta property=\"og:image:height\" content=\"559\" \/>\n\t<meta property=\"og:image:type\" content=\"image\/jpeg\" \/>\n<meta name=\"author\" content=\"Rita de C\u00e1ssia G. Martucci Melillo\" \/>\n<meta name=\"twitter:card\" content=\"summary_large_image\" \/>\n<meta name=\"twitter:label1\" content=\"Escrito por\" \/>\n\t<meta name=\"twitter:data1\" content=\"Rita de C\u00e1ssia G. Martucci Melillo\" \/>\n\t<meta name=\"twitter:label2\" content=\"Est. tempo de leitura\" \/>\n\t<meta name=\"twitter:data2\" content=\"2 minutos\" \/>\n<script type=\"application\/ld+json\" class=\"yoast-schema-graph\">{\"@context\":\"https:\/\/schema.org\",\"@graph\":[{\"@type\":\"Article\",\"@id\":\"https:\/\/psicologarita.com.br\/novo\/2026\/04\/25\/nem-toda-crianca-que-parece-forte-esta-bem\/#article\",\"isPartOf\":{\"@id\":\"https:\/\/psicologarita.com.br\/novo\/2026\/04\/25\/nem-toda-crianca-que-parece-forte-esta-bem\/\"},\"author\":{\"name\":\"Rita de C\u00e1ssia G. Martucci Melillo\",\"@id\":\"https:\/\/psicologarita.com.br\/novo\/#\/schema\/person\/326eb6b226f233694c4ecb9865240eba\"},\"headline\":\"A solid\u00e3o da dor n\u00e3o vista\",\"datePublished\":\"2026-04-25T21:24:56+00:00\",\"dateModified\":\"2026-04-26T09:33:44+00:00\",\"mainEntityOfPage\":{\"@id\":\"https:\/\/psicologarita.com.br\/novo\/2026\/04\/25\/nem-toda-crianca-que-parece-forte-esta-bem\/\"},\"wordCount\":317,\"commentCount\":0,\"publisher\":{\"@id\":\"https:\/\/psicologarita.com.br\/novo\/#organization\"},\"articleSection\":[\"Conte\u00fado\",\"Meus Artigos\"],\"inLanguage\":\"pt-BR\",\"potentialAction\":[{\"@type\":\"CommentAction\",\"name\":\"Comment\",\"target\":[\"https:\/\/psicologarita.com.br\/novo\/2026\/04\/25\/nem-toda-crianca-que-parece-forte-esta-bem\/#respond\"]}]},{\"@type\":\"WebPage\",\"@id\":\"https:\/\/psicologarita.com.br\/novo\/2026\/04\/25\/nem-toda-crianca-que-parece-forte-esta-bem\/\",\"url\":\"https:\/\/psicologarita.com.br\/novo\/2026\/04\/25\/nem-toda-crianca-que-parece-forte-esta-bem\/\",\"name\":\"A solid\u00e3o da dor n\u00e3o vista - Rita Martucci\",\"isPartOf\":{\"@id\":\"https:\/\/psicologarita.com.br\/novo\/#website\"},\"datePublished\":\"2026-04-25T21:24:56+00:00\",\"dateModified\":\"2026-04-26T09:33:44+00:00\",\"breadcrumb\":{\"@id\":\"https:\/\/psicologarita.com.br\/novo\/2026\/04\/25\/nem-toda-crianca-que-parece-forte-esta-bem\/#breadcrumb\"},\"inLanguage\":\"pt-BR\",\"potentialAction\":[{\"@type\":\"ReadAction\",\"target\":[\"https:\/\/psicologarita.com.br\/novo\/2026\/04\/25\/nem-toda-crianca-que-parece-forte-esta-bem\/\"]}]},{\"@type\":\"BreadcrumbList\",\"@id\":\"https:\/\/psicologarita.com.br\/novo\/2026\/04\/25\/nem-toda-crianca-que-parece-forte-esta-bem\/#breadcrumb\",\"itemListElement\":[{\"@type\":\"ListItem\",\"position\":1,\"name\":\"In\u00edcio\",\"item\":\"https:\/\/psicologarita.com.br\/novo\/\"},{\"@type\":\"ListItem\",\"position\":2,\"name\":\"A solid\u00e3o da dor n\u00e3o vista\"}]},{\"@type\":\"WebSite\",\"@id\":\"https:\/\/psicologarita.com.br\/novo\/#website\",\"url\":\"https:\/\/psicologarita.com.br\/novo\/\",\"name\":\"Rita Martucci\",\"description\":\"Psic\u00f3loga\",\"publisher\":{\"@id\":\"https:\/\/psicologarita.com.br\/novo\/#organization\"},\"potentialAction\":[{\"@type\":\"SearchAction\",\"target\":{\"@type\":\"EntryPoint\",\"urlTemplate\":\"https:\/\/psicologarita.com.br\/novo\/?s={search_term_string}\"},\"query-input\":\"required name=search_term_string\"}],\"inLanguage\":\"pt-BR\"},{\"@type\":\"Organization\",\"@id\":\"https:\/\/psicologarita.com.br\/novo\/#organization\",\"name\":\"Rita Martucci\",\"url\":\"https:\/\/psicologarita.com.br\/novo\/\",\"logo\":{\"@type\":\"ImageObject\",\"inLanguage\":\"pt-BR\",\"@id\":\"https:\/\/psicologarita.com.br\/novo\/#\/schema\/logo\/image\/\",\"url\":\"https:\/\/psicologarita.com.br\/novo\/wp-content\/uploads\/2023\/03\/logo_vertical_branco.jpg\",\"contentUrl\":\"https:\/\/psicologarita.com.br\/novo\/wp-content\/uploads\/2023\/03\/logo_vertical_branco.jpg\",\"width\":950,\"height\":950,\"caption\":\"Rita Martucci\"},\"image\":{\"@id\":\"https:\/\/psicologarita.com.br\/novo\/#\/schema\/logo\/image\/\"},\"sameAs\":[\"https:\/\/www.facebook.com\/psicologaritamartuccimelillo\"]},{\"@type\":\"Person\",\"@id\":\"https:\/\/psicologarita.com.br\/novo\/#\/schema\/person\/326eb6b226f233694c4ecb9865240eba\",\"name\":\"Rita de C\u00e1ssia G. Martucci Melillo\",\"image\":{\"@type\":\"ImageObject\",\"inLanguage\":\"pt-BR\",\"@id\":\"https:\/\/psicologarita.com.br\/novo\/#\/schema\/person\/image\/\",\"url\":\"https:\/\/secure.gravatar.com\/avatar\/e6c857d556101c48e16081af8e2ce2b1?s=96&d=mm&r=g\",\"contentUrl\":\"https:\/\/secure.gravatar.com\/avatar\/e6c857d556101c48e16081af8e2ce2b1?s=96&d=mm&r=g\",\"caption\":\"Rita de C\u00e1ssia G. Martucci Melillo\"},\"sameAs\":[\"https:\/\/psicologarita.com.br\/\"],\"url\":\"https:\/\/psicologarita.com.br\/novo\/author\/rita\/\"}]}<\/script>\n<!-- \/ Yoast SEO plugin. -->","yoast_head_json":{"title":"A solid\u00e3o da dor n\u00e3o vista - Rita Martucci","robots":{"index":"index","follow":"follow","max-snippet":"max-snippet:-1","max-image-preview":"max-image-preview:large","max-video-preview":"max-video-preview:-1"},"canonical":"https:\/\/psicologarita.com.br\/novo\/2026\/04\/25\/nem-toda-crianca-que-parece-forte-esta-bem\/","og_locale":"pt_BR","og_type":"article","og_title":"A solid\u00e3o da dor n\u00e3o vista - Rita Martucci","og_description":"\u00c0s vezes, as crian\u00e7as\u00a0 s\u00f3 est\u00e3o expressando a necessidade de serem vistas. &nbsp; H\u00e1 crian\u00e7as que aprendem cedo demais que n\u00e3o havia espa\u00e7o para serem fr\u00e1geis. &nbsp; Choram menos do que precisam, pedem menos do que sentem e v\u00e3o, aos poucos, aprendendo a dar conta sozinhas do que ainda nem conseguem nomear. &nbsp; Por fora, [&hellip;]","og_url":"https:\/\/psicologarita.com.br\/novo\/2026\/04\/25\/nem-toda-crianca-que-parece-forte-esta-bem\/","og_site_name":"Rita Martucci","article_publisher":"https:\/\/www.facebook.com\/psicologaritamartuccimelillo","article_published_time":"2026-04-25T21:24:56+00:00","article_modified_time":"2026-04-26T09:33:44+00:00","og_image":[{"width":1024,"height":559,"url":"https:\/\/psicologarita.com.br\/novo\/wp-content\/uploads\/2026\/04\/apresentacao-Observacao-de-uma-Psicologa-1.jpg","type":"image\/jpeg"}],"author":"Rita de C\u00e1ssia G. Martucci Melillo","twitter_card":"summary_large_image","twitter_misc":{"Escrito por":"Rita de C\u00e1ssia G. Martucci Melillo","Est. tempo de leitura":"2 minutos"},"schema":{"@context":"https:\/\/schema.org","@graph":[{"@type":"Article","@id":"https:\/\/psicologarita.com.br\/novo\/2026\/04\/25\/nem-toda-crianca-que-parece-forte-esta-bem\/#article","isPartOf":{"@id":"https:\/\/psicologarita.com.br\/novo\/2026\/04\/25\/nem-toda-crianca-que-parece-forte-esta-bem\/"},"author":{"name":"Rita de C\u00e1ssia G. Martucci Melillo","@id":"https:\/\/psicologarita.com.br\/novo\/#\/schema\/person\/326eb6b226f233694c4ecb9865240eba"},"headline":"A solid\u00e3o da dor n\u00e3o vista","datePublished":"2026-04-25T21:24:56+00:00","dateModified":"2026-04-26T09:33:44+00:00","mainEntityOfPage":{"@id":"https:\/\/psicologarita.com.br\/novo\/2026\/04\/25\/nem-toda-crianca-que-parece-forte-esta-bem\/"},"wordCount":317,"commentCount":0,"publisher":{"@id":"https:\/\/psicologarita.com.br\/novo\/#organization"},"articleSection":["Conte\u00fado","Meus Artigos"],"inLanguage":"pt-BR","potentialAction":[{"@type":"CommentAction","name":"Comment","target":["https:\/\/psicologarita.com.br\/novo\/2026\/04\/25\/nem-toda-crianca-que-parece-forte-esta-bem\/#respond"]}]},{"@type":"WebPage","@id":"https:\/\/psicologarita.com.br\/novo\/2026\/04\/25\/nem-toda-crianca-que-parece-forte-esta-bem\/","url":"https:\/\/psicologarita.com.br\/novo\/2026\/04\/25\/nem-toda-crianca-que-parece-forte-esta-bem\/","name":"A solid\u00e3o da dor n\u00e3o vista - Rita Martucci","isPartOf":{"@id":"https:\/\/psicologarita.com.br\/novo\/#website"},"datePublished":"2026-04-25T21:24:56+00:00","dateModified":"2026-04-26T09:33:44+00:00","breadcrumb":{"@id":"https:\/\/psicologarita.com.br\/novo\/2026\/04\/25\/nem-toda-crianca-que-parece-forte-esta-bem\/#breadcrumb"},"inLanguage":"pt-BR","potentialAction":[{"@type":"ReadAction","target":["https:\/\/psicologarita.com.br\/novo\/2026\/04\/25\/nem-toda-crianca-que-parece-forte-esta-bem\/"]}]},{"@type":"BreadcrumbList","@id":"https:\/\/psicologarita.com.br\/novo\/2026\/04\/25\/nem-toda-crianca-que-parece-forte-esta-bem\/#breadcrumb","itemListElement":[{"@type":"ListItem","position":1,"name":"In\u00edcio","item":"https:\/\/psicologarita.com.br\/novo\/"},{"@type":"ListItem","position":2,"name":"A solid\u00e3o da dor n\u00e3o vista"}]},{"@type":"WebSite","@id":"https:\/\/psicologarita.com.br\/novo\/#website","url":"https:\/\/psicologarita.com.br\/novo\/","name":"Rita Martucci","description":"Psic\u00f3loga","publisher":{"@id":"https:\/\/psicologarita.com.br\/novo\/#organization"},"potentialAction":[{"@type":"SearchAction","target":{"@type":"EntryPoint","urlTemplate":"https:\/\/psicologarita.com.br\/novo\/?s={search_term_string}"},"query-input":"required name=search_term_string"}],"inLanguage":"pt-BR"},{"@type":"Organization","@id":"https:\/\/psicologarita.com.br\/novo\/#organization","name":"Rita Martucci","url":"https:\/\/psicologarita.com.br\/novo\/","logo":{"@type":"ImageObject","inLanguage":"pt-BR","@id":"https:\/\/psicologarita.com.br\/novo\/#\/schema\/logo\/image\/","url":"https:\/\/psicologarita.com.br\/novo\/wp-content\/uploads\/2023\/03\/logo_vertical_branco.jpg","contentUrl":"https:\/\/psicologarita.com.br\/novo\/wp-content\/uploads\/2023\/03\/logo_vertical_branco.jpg","width":950,"height":950,"caption":"Rita Martucci"},"image":{"@id":"https:\/\/psicologarita.com.br\/novo\/#\/schema\/logo\/image\/"},"sameAs":["https:\/\/www.facebook.com\/psicologaritamartuccimelillo"]},{"@type":"Person","@id":"https:\/\/psicologarita.com.br\/novo\/#\/schema\/person\/326eb6b226f233694c4ecb9865240eba","name":"Rita de C\u00e1ssia G. Martucci Melillo","image":{"@type":"ImageObject","inLanguage":"pt-BR","@id":"https:\/\/psicologarita.com.br\/novo\/#\/schema\/person\/image\/","url":"https:\/\/secure.gravatar.com\/avatar\/e6c857d556101c48e16081af8e2ce2b1?s=96&d=mm&r=g","contentUrl":"https:\/\/secure.gravatar.com\/avatar\/e6c857d556101c48e16081af8e2ce2b1?s=96&d=mm&r=g","caption":"Rita de C\u00e1ssia G. Martucci Melillo"},"sameAs":["https:\/\/psicologarita.com.br\/"],"url":"https:\/\/psicologarita.com.br\/novo\/author\/rita\/"}]}},"_links":{"self":[{"href":"https:\/\/psicologarita.com.br\/novo\/wp-json\/wp\/v2\/posts\/232589"}],"collection":[{"href":"https:\/\/psicologarita.com.br\/novo\/wp-json\/wp\/v2\/posts"}],"about":[{"href":"https:\/\/psicologarita.com.br\/novo\/wp-json\/wp\/v2\/types\/post"}],"author":[{"embeddable":true,"href":"https:\/\/psicologarita.com.br\/novo\/wp-json\/wp\/v2\/users\/2"}],"replies":[{"embeddable":true,"href":"https:\/\/psicologarita.com.br\/novo\/wp-json\/wp\/v2\/comments?post=232589"}],"version-history":[{"count":9,"href":"https:\/\/psicologarita.com.br\/novo\/wp-json\/wp\/v2\/posts\/232589\/revisions"}],"predecessor-version":[{"id":232598,"href":"https:\/\/psicologarita.com.br\/novo\/wp-json\/wp\/v2\/posts\/232589\/revisions\/232598"}],"wp:featuredmedia":[{"embeddable":true,"href":"https:\/\/psicologarita.com.br\/novo\/wp-json\/wp\/v2\/media\/232583"}],"wp:attachment":[{"href":"https:\/\/psicologarita.com.br\/novo\/wp-json\/wp\/v2\/media?parent=232589"}],"wp:term":[{"taxonomy":"category","embeddable":true,"href":"https:\/\/psicologarita.com.br\/novo\/wp-json\/wp\/v2\/categories?post=232589"},{"taxonomy":"post_tag","embeddable":true,"href":"https:\/\/psicologarita.com.br\/novo\/wp-json\/wp\/v2\/tags?post=232589"}],"curies":[{"name":"wp","href":"https:\/\/api.w.org\/{rel}","templated":true}]}}