{"id":232602,"date":"2026-04-28T21:41:27","date_gmt":"2026-04-29T00:41:27","guid":{"rendered":"https:\/\/psicologarita.com.br\/novo\/?p=232602"},"modified":"2026-04-30T08:06:29","modified_gmt":"2026-04-30T11:06:29","slug":"a-autoridade-que-se-perde-dentro-de-casa","status":"publish","type":"post","link":"https:\/\/psicologarita.com.br\/novo\/2026\/04\/28\/a-autoridade-que-se-perde-dentro-de-casa\/","title":{"rendered":"A autoridade que se perde dentro de casa"},"content":{"rendered":"<p>&nbsp;<\/p>\n<p style=\"text-align: right;\">Educar um filho nem sempre come\u00e7a nele\u2026<br \/>\nMuitas vezes, come\u00e7a no encontro silencioso do adulto com a pr\u00f3pria hist\u00f3ria.<\/p>\n<p>&nbsp;<\/p>\n<p>&nbsp;<\/p>\n<p>&nbsp;<\/p>\n<p>H\u00e1 algo que chama aten\u00e7\u00e3o quando observamos algumas fam\u00edlias.<\/p>\n<p>&nbsp;<\/p>\n<p>Pais que, no mundo l\u00e1 fora, ocupam cargos de lideran\u00e7a, tomam decis\u00f5es importantes, conduzem equipes\u2026<br \/>\nmas que, dentro de casa, parecem se desorganizar diante de uma crian\u00e7a de poucos anos.<\/p>\n<p>&nbsp;<\/p>\n<p>Basta uma birra.<br \/>\nUm choro mais intenso.<br \/>\nUm olhar de frustra\u00e7\u00e3o.<br \/>\nE aquilo que parecia t\u00e3o firme\u2026 desmorona<\/p>\n<p>&nbsp;<\/p>\n<p>N\u00e3o se trata de falta de conhecimento.<br \/>\nMuitos se orientam, estudam, se esfor\u00e7am\u2026<br \/>\ne, ainda assim, algo mais profundo se revela.<\/p>\n<p>&nbsp;<\/p>\n<p>Educar um filho \u00e9 uma experi\u00eancia que, muitas vezes, convoca o adulto a revisitar a pr\u00f3pria inf\u00e2ncia.<br \/>\nE nem sempre esse encontro \u00e9 simples.<\/p>\n<p>Porque, por melhor que tenha sido a inf\u00e2ncia,<br \/>\nhouve dores e frustra\u00e7\u00f5es \u2014<br \/>\nvividas a partir do olhar de uma crian\u00e7a.<\/p>\n<p>Porque colocar limites implica frustrar.<\/p>\n<p>E frustrar um filho pode, em alguns casos, ser vivido como algo amea\u00e7ador:<br \/>\ncomo se estivesse repetindo uma dor antiga \u2014 talvez raiva, rejei\u00e7\u00e3o, medo\u2026<br \/>\ne, assim, ao contrariar, colocasse em risco o v\u00ednculo com a crian\u00e7a.<\/p>\n<p>Como se, por instantes, os pap\u00e9is de pais e filhos se misturassem.<\/p>\n<p>&nbsp;<\/p>\n<p>Diante disso, muitos pais cedem.<\/p>\n<p>&nbsp;<\/p>\n<p>E, pouco a pouco, algo sutil acontece:<br \/>\na crian\u00e7a passa a ocupar um lugar que n\u00e3o \u00e9 dela.<br \/>\nE, assim, podemos estar diante de uma din\u00e2mica<br \/>\nem que pais se tornam obedientes a filhos autorit\u00e1rios.<\/p>\n<p>Nem sempre a dificuldade est\u00e1 na crian\u00e7a.<br \/>\nPode estar em como o adulto ocupa o seu lugar.<\/p>\n<p>&nbsp;<\/p>\n<p>Talvez, nesse processo, ressignificar a pr\u00f3pria inf\u00e2ncia possa trazer mais luz \u00e0s rela\u00e7\u00f5es.<\/p>\n<p>&nbsp;<\/p>\n<p>Rita Martucci<\/p>\n<p>&nbsp;<\/p>\n<p>&nbsp;<\/p>\n<p>&nbsp;<\/p>\n<p>&nbsp;<\/p>\n","protected":false},"excerpt":{"rendered":"<p>&nbsp; Educar um filho nem sempre come\u00e7a nele\u2026 Muitas vezes, come\u00e7a no encontro silencioso do adulto com a pr\u00f3pria hist\u00f3ria. &nbsp; &nbsp; &nbsp; H\u00e1 algo que chama aten\u00e7\u00e3o quando observamos algumas fam\u00edlias. &nbsp; Pais que, no mundo l\u00e1 fora, ocupam cargos de lideran\u00e7a, tomam decis\u00f5es importantes, conduzem equipes\u2026 mas que, dentro de casa, parecem se [&hellip;]<\/p>\n","protected":false},"author":2,"featured_media":232617,"comment_status":"open","ping_status":"open","sticky":false,"template":"","format":"standard","meta":{"_et_pb_use_builder":"","_et_pb_old_content":"","_et_gb_content_width":""},"categories":[3],"tags":[],"yoast_head":"<!-- This site is optimized with the Yoast SEO plugin v20.3 - https:\/\/yoast.com\/wordpress\/plugins\/seo\/ -->\n<title>A autoridade que se perde dentro de casa - Rita Martucci<\/title>\n<meta name=\"robots\" content=\"index, follow, max-snippet:-1, max-image-preview:large, max-video-preview:-1\" \/>\n<link rel=\"canonical\" href=\"https:\/\/psicologarita.com.br\/novo\/2026\/04\/28\/a-autoridade-que-se-perde-dentro-de-casa\/\" \/>\n<meta property=\"og:locale\" content=\"pt_BR\" \/>\n<meta property=\"og:type\" content=\"article\" \/>\n<meta property=\"og:title\" content=\"A autoridade que se perde dentro de casa - Rita Martucci\" \/>\n<meta property=\"og:description\" content=\"&nbsp; Educar um filho nem sempre come\u00e7a nele\u2026 Muitas vezes, come\u00e7a no encontro silencioso do adulto com a pr\u00f3pria hist\u00f3ria. &nbsp; &nbsp; &nbsp; H\u00e1 algo que chama aten\u00e7\u00e3o quando observamos algumas fam\u00edlias. &nbsp; Pais que, no mundo l\u00e1 fora, ocupam cargos de lideran\u00e7a, tomam decis\u00f5es importantes, conduzem equipes\u2026 mas que, dentro de casa, parecem se [&hellip;]\" \/>\n<meta property=\"og:url\" content=\"https:\/\/psicologarita.com.br\/novo\/2026\/04\/28\/a-autoridade-que-se-perde-dentro-de-casa\/\" \/>\n<meta property=\"og:site_name\" content=\"Rita Martucci\" \/>\n<meta property=\"article:publisher\" content=\"https:\/\/www.facebook.com\/psicologaritamartuccimelillo\" \/>\n<meta property=\"article:published_time\" content=\"2026-04-29T00:41:27+00:00\" \/>\n<meta property=\"article:modified_time\" content=\"2026-04-30T11:06:29+00:00\" \/>\n<meta property=\"og:image\" content=\"https:\/\/psicologarita.com.br\/novo\/wp-content\/uploads\/2026\/04\/imagem-site-4.jpg\" \/>\n\t<meta property=\"og:image:width\" content=\"1402\" \/>\n\t<meta property=\"og:image:height\" content=\"1122\" \/>\n\t<meta property=\"og:image:type\" content=\"image\/jpeg\" \/>\n<meta name=\"author\" content=\"Rita de C\u00e1ssia G. Martucci Melillo\" \/>\n<meta name=\"twitter:card\" content=\"summary_large_image\" \/>\n<meta name=\"twitter:label1\" content=\"Escrito por\" \/>\n\t<meta name=\"twitter:data1\" content=\"Rita de C\u00e1ssia G. Martucci Melillo\" \/>\n\t<meta name=\"twitter:label2\" content=\"Est. tempo de leitura\" \/>\n\t<meta name=\"twitter:data2\" content=\"2 minutos\" \/>\n<script type=\"application\/ld+json\" class=\"yoast-schema-graph\">{\"@context\":\"https:\/\/schema.org\",\"@graph\":[{\"@type\":\"Article\",\"@id\":\"https:\/\/psicologarita.com.br\/novo\/2026\/04\/28\/a-autoridade-que-se-perde-dentro-de-casa\/#article\",\"isPartOf\":{\"@id\":\"https:\/\/psicologarita.com.br\/novo\/2026\/04\/28\/a-autoridade-que-se-perde-dentro-de-casa\/\"},\"author\":{\"name\":\"Rita de C\u00e1ssia G. Martucci Melillo\",\"@id\":\"https:\/\/psicologarita.com.br\/novo\/#\/schema\/person\/326eb6b226f233694c4ecb9865240eba\"},\"headline\":\"A autoridade que se perde dentro de casa\",\"datePublished\":\"2026-04-29T00:41:27+00:00\",\"dateModified\":\"2026-04-30T11:06:29+00:00\",\"mainEntityOfPage\":{\"@id\":\"https:\/\/psicologarita.com.br\/novo\/2026\/04\/28\/a-autoridade-que-se-perde-dentro-de-casa\/\"},\"wordCount\":319,\"commentCount\":0,\"publisher\":{\"@id\":\"https:\/\/psicologarita.com.br\/novo\/#organization\"},\"articleSection\":[\"Meus Artigos\"],\"inLanguage\":\"pt-BR\",\"potentialAction\":[{\"@type\":\"CommentAction\",\"name\":\"Comment\",\"target\":[\"https:\/\/psicologarita.com.br\/novo\/2026\/04\/28\/a-autoridade-que-se-perde-dentro-de-casa\/#respond\"]}]},{\"@type\":\"WebPage\",\"@id\":\"https:\/\/psicologarita.com.br\/novo\/2026\/04\/28\/a-autoridade-que-se-perde-dentro-de-casa\/\",\"url\":\"https:\/\/psicologarita.com.br\/novo\/2026\/04\/28\/a-autoridade-que-se-perde-dentro-de-casa\/\",\"name\":\"A autoridade que se perde dentro de casa - Rita Martucci\",\"isPartOf\":{\"@id\":\"https:\/\/psicologarita.com.br\/novo\/#website\"},\"datePublished\":\"2026-04-29T00:41:27+00:00\",\"dateModified\":\"2026-04-30T11:06:29+00:00\",\"breadcrumb\":{\"@id\":\"https:\/\/psicologarita.com.br\/novo\/2026\/04\/28\/a-autoridade-que-se-perde-dentro-de-casa\/#breadcrumb\"},\"inLanguage\":\"pt-BR\",\"potentialAction\":[{\"@type\":\"ReadAction\",\"target\":[\"https:\/\/psicologarita.com.br\/novo\/2026\/04\/28\/a-autoridade-que-se-perde-dentro-de-casa\/\"]}]},{\"@type\":\"BreadcrumbList\",\"@id\":\"https:\/\/psicologarita.com.br\/novo\/2026\/04\/28\/a-autoridade-que-se-perde-dentro-de-casa\/#breadcrumb\",\"itemListElement\":[{\"@type\":\"ListItem\",\"position\":1,\"name\":\"In\u00edcio\",\"item\":\"https:\/\/psicologarita.com.br\/novo\/\"},{\"@type\":\"ListItem\",\"position\":2,\"name\":\"A autoridade que se perde dentro de casa\"}]},{\"@type\":\"WebSite\",\"@id\":\"https:\/\/psicologarita.com.br\/novo\/#website\",\"url\":\"https:\/\/psicologarita.com.br\/novo\/\",\"name\":\"Rita Martucci\",\"description\":\"Psic\u00f3loga\",\"publisher\":{\"@id\":\"https:\/\/psicologarita.com.br\/novo\/#organization\"},\"potentialAction\":[{\"@type\":\"SearchAction\",\"target\":{\"@type\":\"EntryPoint\",\"urlTemplate\":\"https:\/\/psicologarita.com.br\/novo\/?s={search_term_string}\"},\"query-input\":\"required name=search_term_string\"}],\"inLanguage\":\"pt-BR\"},{\"@type\":\"Organization\",\"@id\":\"https:\/\/psicologarita.com.br\/novo\/#organization\",\"name\":\"Rita Martucci\",\"url\":\"https:\/\/psicologarita.com.br\/novo\/\",\"logo\":{\"@type\":\"ImageObject\",\"inLanguage\":\"pt-BR\",\"@id\":\"https:\/\/psicologarita.com.br\/novo\/#\/schema\/logo\/image\/\",\"url\":\"https:\/\/psicologarita.com.br\/novo\/wp-content\/uploads\/2023\/03\/logo_vertical_branco.jpg\",\"contentUrl\":\"https:\/\/psicologarita.com.br\/novo\/wp-content\/uploads\/2023\/03\/logo_vertical_branco.jpg\",\"width\":950,\"height\":950,\"caption\":\"Rita Martucci\"},\"image\":{\"@id\":\"https:\/\/psicologarita.com.br\/novo\/#\/schema\/logo\/image\/\"},\"sameAs\":[\"https:\/\/www.facebook.com\/psicologaritamartuccimelillo\"]},{\"@type\":\"Person\",\"@id\":\"https:\/\/psicologarita.com.br\/novo\/#\/schema\/person\/326eb6b226f233694c4ecb9865240eba\",\"name\":\"Rita de C\u00e1ssia G. Martucci Melillo\",\"image\":{\"@type\":\"ImageObject\",\"inLanguage\":\"pt-BR\",\"@id\":\"https:\/\/psicologarita.com.br\/novo\/#\/schema\/person\/image\/\",\"url\":\"https:\/\/secure.gravatar.com\/avatar\/e6c857d556101c48e16081af8e2ce2b1?s=96&d=mm&r=g\",\"contentUrl\":\"https:\/\/secure.gravatar.com\/avatar\/e6c857d556101c48e16081af8e2ce2b1?s=96&d=mm&r=g\",\"caption\":\"Rita de C\u00e1ssia G. Martucci Melillo\"},\"sameAs\":[\"https:\/\/psicologarita.com.br\/\"],\"url\":\"https:\/\/psicologarita.com.br\/novo\/author\/rita\/\"}]}<\/script>\n<!-- \/ Yoast SEO plugin. -->","yoast_head_json":{"title":"A autoridade que se perde dentro de casa - Rita Martucci","robots":{"index":"index","follow":"follow","max-snippet":"max-snippet:-1","max-image-preview":"max-image-preview:large","max-video-preview":"max-video-preview:-1"},"canonical":"https:\/\/psicologarita.com.br\/novo\/2026\/04\/28\/a-autoridade-que-se-perde-dentro-de-casa\/","og_locale":"pt_BR","og_type":"article","og_title":"A autoridade que se perde dentro de casa - Rita Martucci","og_description":"&nbsp; Educar um filho nem sempre come\u00e7a nele\u2026 Muitas vezes, come\u00e7a no encontro silencioso do adulto com a pr\u00f3pria hist\u00f3ria. &nbsp; &nbsp; &nbsp; H\u00e1 algo que chama aten\u00e7\u00e3o quando observamos algumas fam\u00edlias. &nbsp; Pais que, no mundo l\u00e1 fora, ocupam cargos de lideran\u00e7a, tomam decis\u00f5es importantes, conduzem equipes\u2026 mas que, dentro de casa, parecem se [&hellip;]","og_url":"https:\/\/psicologarita.com.br\/novo\/2026\/04\/28\/a-autoridade-que-se-perde-dentro-de-casa\/","og_site_name":"Rita Martucci","article_publisher":"https:\/\/www.facebook.com\/psicologaritamartuccimelillo","article_published_time":"2026-04-29T00:41:27+00:00","article_modified_time":"2026-04-30T11:06:29+00:00","og_image":[{"width":1402,"height":1122,"url":"https:\/\/psicologarita.com.br\/novo\/wp-content\/uploads\/2026\/04\/imagem-site-4.jpg","type":"image\/jpeg"}],"author":"Rita de C\u00e1ssia G. Martucci Melillo","twitter_card":"summary_large_image","twitter_misc":{"Escrito por":"Rita de C\u00e1ssia G. Martucci Melillo","Est. tempo de leitura":"2 minutos"},"schema":{"@context":"https:\/\/schema.org","@graph":[{"@type":"Article","@id":"https:\/\/psicologarita.com.br\/novo\/2026\/04\/28\/a-autoridade-que-se-perde-dentro-de-casa\/#article","isPartOf":{"@id":"https:\/\/psicologarita.com.br\/novo\/2026\/04\/28\/a-autoridade-que-se-perde-dentro-de-casa\/"},"author":{"name":"Rita de C\u00e1ssia G. Martucci Melillo","@id":"https:\/\/psicologarita.com.br\/novo\/#\/schema\/person\/326eb6b226f233694c4ecb9865240eba"},"headline":"A autoridade que se perde dentro de casa","datePublished":"2026-04-29T00:41:27+00:00","dateModified":"2026-04-30T11:06:29+00:00","mainEntityOfPage":{"@id":"https:\/\/psicologarita.com.br\/novo\/2026\/04\/28\/a-autoridade-que-se-perde-dentro-de-casa\/"},"wordCount":319,"commentCount":0,"publisher":{"@id":"https:\/\/psicologarita.com.br\/novo\/#organization"},"articleSection":["Meus Artigos"],"inLanguage":"pt-BR","potentialAction":[{"@type":"CommentAction","name":"Comment","target":["https:\/\/psicologarita.com.br\/novo\/2026\/04\/28\/a-autoridade-que-se-perde-dentro-de-casa\/#respond"]}]},{"@type":"WebPage","@id":"https:\/\/psicologarita.com.br\/novo\/2026\/04\/28\/a-autoridade-que-se-perde-dentro-de-casa\/","url":"https:\/\/psicologarita.com.br\/novo\/2026\/04\/28\/a-autoridade-que-se-perde-dentro-de-casa\/","name":"A autoridade que se perde dentro de casa - Rita Martucci","isPartOf":{"@id":"https:\/\/psicologarita.com.br\/novo\/#website"},"datePublished":"2026-04-29T00:41:27+00:00","dateModified":"2026-04-30T11:06:29+00:00","breadcrumb":{"@id":"https:\/\/psicologarita.com.br\/novo\/2026\/04\/28\/a-autoridade-que-se-perde-dentro-de-casa\/#breadcrumb"},"inLanguage":"pt-BR","potentialAction":[{"@type":"ReadAction","target":["https:\/\/psicologarita.com.br\/novo\/2026\/04\/28\/a-autoridade-que-se-perde-dentro-de-casa\/"]}]},{"@type":"BreadcrumbList","@id":"https:\/\/psicologarita.com.br\/novo\/2026\/04\/28\/a-autoridade-que-se-perde-dentro-de-casa\/#breadcrumb","itemListElement":[{"@type":"ListItem","position":1,"name":"In\u00edcio","item":"https:\/\/psicologarita.com.br\/novo\/"},{"@type":"ListItem","position":2,"name":"A autoridade que se perde dentro de casa"}]},{"@type":"WebSite","@id":"https:\/\/psicologarita.com.br\/novo\/#website","url":"https:\/\/psicologarita.com.br\/novo\/","name":"Rita Martucci","description":"Psic\u00f3loga","publisher":{"@id":"https:\/\/psicologarita.com.br\/novo\/#organization"},"potentialAction":[{"@type":"SearchAction","target":{"@type":"EntryPoint","urlTemplate":"https:\/\/psicologarita.com.br\/novo\/?s={search_term_string}"},"query-input":"required name=search_term_string"}],"inLanguage":"pt-BR"},{"@type":"Organization","@id":"https:\/\/psicologarita.com.br\/novo\/#organization","name":"Rita Martucci","url":"https:\/\/psicologarita.com.br\/novo\/","logo":{"@type":"ImageObject","inLanguage":"pt-BR","@id":"https:\/\/psicologarita.com.br\/novo\/#\/schema\/logo\/image\/","url":"https:\/\/psicologarita.com.br\/novo\/wp-content\/uploads\/2023\/03\/logo_vertical_branco.jpg","contentUrl":"https:\/\/psicologarita.com.br\/novo\/wp-content\/uploads\/2023\/03\/logo_vertical_branco.jpg","width":950,"height":950,"caption":"Rita Martucci"},"image":{"@id":"https:\/\/psicologarita.com.br\/novo\/#\/schema\/logo\/image\/"},"sameAs":["https:\/\/www.facebook.com\/psicologaritamartuccimelillo"]},{"@type":"Person","@id":"https:\/\/psicologarita.com.br\/novo\/#\/schema\/person\/326eb6b226f233694c4ecb9865240eba","name":"Rita de C\u00e1ssia G. Martucci Melillo","image":{"@type":"ImageObject","inLanguage":"pt-BR","@id":"https:\/\/psicologarita.com.br\/novo\/#\/schema\/person\/image\/","url":"https:\/\/secure.gravatar.com\/avatar\/e6c857d556101c48e16081af8e2ce2b1?s=96&d=mm&r=g","contentUrl":"https:\/\/secure.gravatar.com\/avatar\/e6c857d556101c48e16081af8e2ce2b1?s=96&d=mm&r=g","caption":"Rita de C\u00e1ssia G. Martucci Melillo"},"sameAs":["https:\/\/psicologarita.com.br\/"],"url":"https:\/\/psicologarita.com.br\/novo\/author\/rita\/"}]}},"_links":{"self":[{"href":"https:\/\/psicologarita.com.br\/novo\/wp-json\/wp\/v2\/posts\/232602"}],"collection":[{"href":"https:\/\/psicologarita.com.br\/novo\/wp-json\/wp\/v2\/posts"}],"about":[{"href":"https:\/\/psicologarita.com.br\/novo\/wp-json\/wp\/v2\/types\/post"}],"author":[{"embeddable":true,"href":"https:\/\/psicologarita.com.br\/novo\/wp-json\/wp\/v2\/users\/2"}],"replies":[{"embeddable":true,"href":"https:\/\/psicologarita.com.br\/novo\/wp-json\/wp\/v2\/comments?post=232602"}],"version-history":[{"count":10,"href":"https:\/\/psicologarita.com.br\/novo\/wp-json\/wp\/v2\/posts\/232602\/revisions"}],"predecessor-version":[{"id":232620,"href":"https:\/\/psicologarita.com.br\/novo\/wp-json\/wp\/v2\/posts\/232602\/revisions\/232620"}],"wp:featuredmedia":[{"embeddable":true,"href":"https:\/\/psicologarita.com.br\/novo\/wp-json\/wp\/v2\/media\/232617"}],"wp:attachment":[{"href":"https:\/\/psicologarita.com.br\/novo\/wp-json\/wp\/v2\/media?parent=232602"}],"wp:term":[{"taxonomy":"category","embeddable":true,"href":"https:\/\/psicologarita.com.br\/novo\/wp-json\/wp\/v2\/categories?post=232602"},{"taxonomy":"post_tag","embeddable":true,"href":"https:\/\/psicologarita.com.br\/novo\/wp-json\/wp\/v2\/tags?post=232602"}],"curies":[{"name":"wp","href":"https:\/\/api.w.org\/{rel}","templated":true}]}}